{"id":1984,"date":"2023-02-13T23:01:07","date_gmt":"2023-02-13T23:01:07","guid":{"rendered":"http:\/\/localhost\/embassy\/?p=1984"},"modified":"2023-02-13T23:01:07","modified_gmt":"2023-02-13T23:01:07","slug":"minutes-of-the-seventy-seventh-meeting-of-the-council-of-ministers","status":"publish","type":"post","link":"https:\/\/ambardcke.org\/fr\/minutes-of-the-seventy-seventh-meeting-of-the-council-of-ministers\/","title":{"rendered":"Proc\u00e8s-verbal de la soixante-dix-septi\u00e8me r\u00e9union du Conseil des ministres"},"content":{"rendered":"<p>Son Excellence le Pr\u00e9sident de la R\u00e9publique, Chef de l'Etat, F\u00e9lix Antoine TSHISEKEDI TSHILOMBO, a pr\u00e9sid\u00e9 par visioconf\u00e9rence, la soixante-dix-septi\u00e8me r\u00e9union du Conseil des Ministres du Gouvernement de la R\u00e9publique, ce vendredi 18 novembre 2022. Cinq points ont \u00e9t\u00e9 l'ordre du jour, \u00e0 savoir :<\/p>\n\n\n\n<p>I. Communication de Son Excellence Monsieur le Pr\u00e9sident de la R\u00e9publique, Chef de l'Etat ;<\/p>\n\n\n\n<p>II. points d'information\u00a0;<\/p>\n\n\n\n<p>III. Approbation d'un relev\u00e9 des d\u00e9cisions du Conseil des ministres\u00a0;<\/p>\n\n\n\n<p>IV. Examen et adoption des dossiers;<\/p>\n\n\n\n<p>Examen et adoption des textes.<\/p>\n\n\n\n<p>I. COMMUNICATION DU PRESIDENT DE LA REPUBLIQUE La communication du Pr\u00e9sident de la R\u00e9publique, Chef de l'Etat a port\u00e9 sur trois (03) points, \u00e0 savoir :<\/p>\n\n\n\n<p>1. Appui du Gouvernement au programme de chirurgie cardiaque p\u00e9diatrique \u00e0 c\u0153ur ouvert de la Clinique Ngaliema Le Pr\u00e9sident de la R\u00e9publique a rappel\u00e9 sa volont\u00e9 permanente d'assurer et d'assurer la mise en \u0153uvre des actions et des politiques publiques conduisant \u00e0 l'am\u00e9lioration du bien-\u00eatre de tous les Congolais, notamment avec eu \u00e9gard aux aspects concernant la sant\u00e9 des compatriotes les plus fragiles, en l'occurrence celle des enfants d\u00e8s la naissance. S'appuyant sur la programmation, par le Centre de Chirurgie Cardiaque P\u00e9diatrique de la Clinique Ngaliema, de 150 op\u00e9rations de chirurgie cardiaque p\u00e9diatrique \u00e0 c\u0153ur ouvert pour 150 enfants \u00e0 partir de janvier 2023, il a encourag\u00e9 le Gouvernement \u00e0 acc\u00e9l\u00e9rer la mise en \u0153uvre du protocole d'accord sign\u00e9 le 31 mars dernier. 2022 entre le Minist\u00e8re de la Sant\u00e9 Publique, de l'Hygi\u00e8ne et de la Pr\u00e9vention, et 2 l'association sans but lucratif Chirurgie P\u00e9diatrique en Afrique (CHIRPA Asbl en sigle). A cet \u00e9gard, le Ministre d'Etat, Ministre du Budget, le Ministre des Finances et le Ministre de la Sant\u00e9 Publique, de l'Hygi\u00e8ne et de la Pr\u00e9vention ont \u00e9t\u00e9 instruits de prendre toutes les dispositions n\u00e9cessaires pour que tous les pr\u00e9alables techniques et op\u00e9rationnels soient r\u00e9alis\u00e9s dans un bref d\u00e9lai. temps, afin que les enfants concern\u00e9s b\u00e9n\u00e9ficient de ces soins m\u00e9dicaux aux frais de l'Etat congolais. Un rapport circonstanci\u00e9 des Ministres pr\u00e9cit\u00e9s, chacun pour ce qui le concerne, est attendu sur la concr\u00e9tisation de cette recommandation au prochain Conseil des Ministres.<\/p>\n\n\n\n<p><em><strong>2. Le r\u00f4le des mandataires des entreprises du Portefeuille de l'Etat, des Etablissements et des Services Publics<\/strong><\/em><\/p>\n\n\n\n<p>Abordant ce point, le Pr\u00e9sident de la R\u00e9publique a insist\u00e9 sur la n\u00e9cessit\u00e9 imp\u00e9rieuse pour les agents publics nomm\u00e9s \u00e0 divers postes d'avoir en permanence, dans l'exercice de leurs fonctions, une conduite manag\u00e9riale fond\u00e9e sur la bonne gouvernance. Il a rappel\u00e9 que selon sa compr\u00e9hension, chacune de ces entit\u00e9s, quelles que soient sa vocation sociale, sa taille, sa situation g\u00e9ographique, est appel\u00e9e \u00e0 jouer un r\u00f4le crucial dans le d\u00e9veloppement socio-\u00e9conomique de notre pays. Ainsi, elle attend de tous les agents un comportement hautement professionnel dans l'exercice de leurs fonctions, y compris les r\u00e9sultats de leur travail quotidien, devant se manifester par : \u2013 l'am\u00e9lioration de la qualit\u00e9 des services rendus aux usagers par la r\u00e9alisation de leur objet social ; \u2013 le respect des obligations sociales envers les travailleurs ; \u2013 la transformation r\u00e9elle du potentiel d'exploitation et de production des actifs de toute nature ; \u2013 atteindre des seuils de rentabilit\u00e9 afin d'avoir des marges de tr\u00e9sorerie positives pour augmenter leurs actifs et leur capacit\u00e9 \u00e0 contribuer au budget de l'\u00c9tat.<\/p>\n\n\n\n<p> Pour le pr\u00e9sident de la R\u00e9publique, les insertions publicitaires et les interventions m\u00e9diatiques intempestives des repr\u00e9sentants publics ne sont en aucun cas une garantie de performance manag\u00e9riale. Par contre, ce sont de saines pratiques de gestion qui produiront des r\u00e9sultats positifs. Le Ministre d'Etat, Ministre du Portefeuille et les Ministres sectoriels qui ont la sous tutelle des Etablissements et des Services Publics, ont \u00e9t\u00e9 invit\u00e9s \u00e0 veiller \u00e0 l'int\u00e9r\u00eat g\u00e9n\u00e9ral comme fondement du pouvoir de tutelle, tout en \u00e9vitant les entraves \u00e0 l'exercice des fonctions du repr\u00e9sentants comme relev\u00e9 lors de la communication du Pr\u00e9sident de la R\u00e9publique \u00e0 la 65\u00e8me r\u00e9union du Conseil des Ministres du 19 ao\u00fbt 2022.<\/p>\n\n\n\n<p>3. La n\u00e9cessit\u00e9 de finaliser les travaux de construction de la Centrale Hydro\u00e9lectrique de KATENDE et le projet d'installation de centrales solaires dans six (6) provinces du pays<\/p>\n\n\n\n<p>Rappelant aux membres du Gouvernement que les infrastructures \u00e9nerg\u00e9tiques constituent une priorit\u00e9 pour le d\u00e9marrage du d\u00e9veloppement du pays, le Pr\u00e9sident de la R\u00e9publique a estim\u00e9 que les dossiers des projets d'investissement y aff\u00e9rents doivent \u00eatre trait\u00e9s avec diligence par les Ministres concern\u00e9s. En effet, il a indiqu\u00e9 que les travaux de la centrale hydro\u00e9lectrique de KATENDE devaient imp\u00e9rativement \u00eatre red\u00e9marr\u00e9s sans d\u00e9lai, et achev\u00e9s dans un d\u00e9lai raisonnable, conform\u00e9ment au contenu de la lettre de l'Ambassadeur de la R\u00e9publique D\u00e9mocratique du Congo en Inde, du 1er novembre 2022, adress\u00e9e au Vice-Premier Ministre, Ministre des Affaires \u00e9trang\u00e8res. La position de notre gouvernement vis-\u00e0-vis de la partie indienne doit \u00eatre communiqu\u00e9e de toute urgence. S'agissant du projet d'installation des six centrales solaires \u00e9voqu\u00e9 dans la lettre pr\u00e9cit\u00e9e, le pr\u00e9sident de la R\u00e9publique a pr\u00e9cis\u00e9 qu'il doit \u00e9galement \u00eatre lanc\u00e9 \u00e0 court terme. Il s'agit respectivement de Gemena dans le Sud Ubangi, de Karawa dans le Nord Ubangi, de Lusambo dans le Sankuru, de Manono dans le Tanganyika, de Mbandaka dans la province de l'Equateur et de Mbuji-Mayi dans le Kasa\u00ef Oriental.<\/p>\n\n\n\n<p>A cet effet, le Premier Ministre a \u00e9t\u00e9 instruit de convoquer d'urgence le Vice-Premier Ministre, Ministre des Affaires Etrang\u00e8res, le Ministre des Finances, le Ministre de l'Eau et de l'Electricit\u00e9, et la Commission Grand Katende institu\u00e9e \u00e0 la Pr\u00e9sidence de la R\u00e9publique pour traiter de les dossiers de ces infrastructures \u00e9nerg\u00e9tiques, et de proc\u00e9der sans d\u00e9lai aux signatures n\u00e9cessaires des contrats y aff\u00e9rents.<\/p>","protected":false},"excerpt":{"rendered":"<p>Son Excellence le Pr\u00e9sident de la R\u00e9publique, Chef de l'Etat, F\u00e9lix Antoine TSHISEKEDI TSHILOMBO, a pr\u00e9sid\u00e9 par visioconf\u00e9rence, la soixante-dix-septi\u00e8me r\u00e9union du Conseil des Ministres du Gouvernement de la R\u00e9publique, ce vendredi 18 novembre 2022. Cinq points ont \u00e9t\u00e9 l'ordre du jour, \u00e0 savoir : I. Communication de Son Excellence le Pr\u00e9sident de la R\u00e9publique, Chef de [\u2026]<\/p>","protected":false},"author":1,"featured_media":1985,"comment_status":"closed","ping_status":"open","sticky":false,"template":"","format":"standard","meta":[],"categories":[37],"tags":[],"_links":{"self":[{"href":"https:\/\/ambardcke.org\/fr\/wp-json\/wp\/v2\/posts\/1984"}],"collection":[{"href":"https:\/\/ambardcke.org\/fr\/wp-json\/wp\/v2\/posts"}],"about":[{"href":"https:\/\/ambardcke.org\/fr\/wp-json\/wp\/v2\/types\/post"}],"author":[{"embeddable":true,"href":"https:\/\/ambardcke.org\/fr\/wp-json\/wp\/v2\/users\/1"}],"replies":[{"embeddable":true,"href":"https:\/\/ambardcke.org\/fr\/wp-json\/wp\/v2\/comments?post=1984"}],"version-history":[{"count":1,"href":"https:\/\/ambardcke.org\/fr\/wp-json\/wp\/v2\/posts\/1984\/revisions"}],"predecessor-version":[{"id":1986,"href":"https:\/\/ambardcke.org\/fr\/wp-json\/wp\/v2\/posts\/1984\/revisions\/1986"}],"wp:featuredmedia":[{"embeddable":true,"href":"https:\/\/ambardcke.org\/fr\/wp-json\/wp\/v2\/media\/1985"}],"wp:attachment":[{"href":"https:\/\/ambardcke.org\/fr\/wp-json\/wp\/v2\/media?parent=1984"}],"wp:term":[{"taxonomy":"category","embeddable":true,"href":"https:\/\/ambardcke.org\/fr\/wp-json\/wp\/v2\/categories?post=1984"},{"taxonomy":"post_tag","embeddable":true,"href":"https:\/\/ambardcke.org\/fr\/wp-json\/wp\/v2\/tags?post=1984"}],"curies":[{"name":"wp","href":"https:\/\/api.w.org\/{rel}","templated":true}]}}