{"id":1990,"date":"2023-02-13T23:09:16","date_gmt":"2023-02-13T23:09:16","guid":{"rendered":"http:\/\/localhost\/embassy\/?p=1990"},"modified":"2023-02-13T23:09:16","modified_gmt":"2023-02-13T23:09:16","slug":"president-felix-tshisekedi-launches-the-electric-current-at-the-madimba-plateau","status":"publish","type":"post","link":"https:\/\/ambardcke.org\/fr\/president-felix-tshisekedi-launches-the-electric-current-at-the-madimba-plateau\/","title":{"rendered":"Le pr\u00e9sident F\u00e9lix Tshisekedi lance le courant \u00e9lectrique au plateau de Madimba"},"content":{"rendered":"<p>Le pr\u00e9sident de la R\u00e9publique, F\u00e9lix Antoine Tshisekedi Tshilombo, a proc\u00e9d\u00e9, ce samedi 19 novembre 2022, au lancement officiel du raccordement au r\u00e9seau \u00e9lectrique national du plateau de Mbanza Mboma.\nCette mission catholique, comprenant une \u00e9cole primaire, un coll\u00e8ge et un lyc\u00e9e, est situ\u00e9e dans le Territoire de Madimba, District de Lukaya dans la Province du Kongo-Central.<\/p>\n\n\n\n<p>Le chef de l'Etat, lui-m\u00eame ancien \u00e9l\u00e8ve de l'\u00e9cole communale, a re\u00e7u un accueil tr\u00e8s chaleureux de la part de la population, des \u00e9l\u00e8ves, des anciens \u00e9l\u00e8ves et des enseignants. <\/p>\n\n\n\n<p>Organis\u00e9e par l'Association des anciens \u00e9l\u00e8ves de Mbanza Mboma (ASSACOM), la c\u00e9r\u00e9monie a connu quatre temps forts : la b\u00e9n\u00e9diction faite par l'\u00e9v\u00eaque du dioc\u00e8se de Kisantu, suivie du mot de circonstance du pr\u00e9sident de l'association des anciens \u00e9l\u00e8ves de Notre Dame Coll\u00e8ge de Mbansa Mboma (ASSACOM), les mots de remerciement de deux \u00e9l\u00e8ves du coll\u00e8ge et du lyc\u00e9e, enfin, le lancement du courant \u00e9lectrique par le Chef de l'Etat qui a \u00e9galement eu droit \u00e0 une visite guid\u00e9e des b\u00e2timents scolaires (coll\u00e8ge et lyc\u00e9e).\nL'\u00e9v\u00eaque de Kisantu a soulign\u00e9 dans son allocution la d\u00e9termination de l'Eglise catholique \u00e0 soutenir la vision du chef de l'Etat pour emp\u00eacher la balkanisation du pays, ainsi que sa volont\u00e9 de faire avancer le pays dans son d\u00e9veloppement int\u00e9gral. <\/p>\n\n\n\n<p>Apr\u00e8s cette visite \u00e0 Mbanza Mboma, le Pr\u00e9sident de la R\u00e9publique s'est rendu au domaine Mbuela Lodge \u00e0 Kisantu, pour prendre part \u00e0 la c\u00e9r\u00e9monie de cl\u00f4ture du Forum Economique sur le D\u00e9veloppement du Kongo Central, intitul\u00e9 \u00ab Kimvuama \u00bb et ax\u00e9 sur la promotion de l'agrobusiness. comme moteur de d\u00e9veloppement dans cette province de la RDC.\nSur place, le Chef de l'Etat a suivi avec int\u00e9r\u00eat le rapport final des travaux de ce forum qui portait sur des recommandations pour favoriser l'\u00e9mergence d'entrepreneurs locaux v\u00e9ritables vecteurs de d\u00e9veloppement \u00e0 la base comme le pr\u00e9voyait le programme pr\u00e9sidentiel PDL145, pour le d\u00e9veloppement des 145 territoires de la RDC<\/p>","protected":false},"excerpt":{"rendered":"<p>Le pr\u00e9sident de la R\u00e9publique, F\u00e9lix Antoine Tshisekedi Tshilombo, a proc\u00e9d\u00e9, ce samedi 19 novembre 2022, au lancement officiel du raccordement au r\u00e9seau \u00e9lectrique national du plateau de Mbanza Mboma. Cette mission catholique, comprenant une \u00e9cole primaire, un coll\u00e8ge et un lyc\u00e9e, est situ\u00e9e dans le Territoire de Madimba, District de [\u2026]<\/p>","protected":false},"author":1,"featured_media":1991,"comment_status":"closed","ping_status":"open","sticky":false,"template":"","format":"standard","meta":[],"categories":[39],"tags":[],"_links":{"self":[{"href":"https:\/\/ambardcke.org\/fr\/wp-json\/wp\/v2\/posts\/1990"}],"collection":[{"href":"https:\/\/ambardcke.org\/fr\/wp-json\/wp\/v2\/posts"}],"about":[{"href":"https:\/\/ambardcke.org\/fr\/wp-json\/wp\/v2\/types\/post"}],"author":[{"embeddable":true,"href":"https:\/\/ambardcke.org\/fr\/wp-json\/wp\/v2\/users\/1"}],"replies":[{"embeddable":true,"href":"https:\/\/ambardcke.org\/fr\/wp-json\/wp\/v2\/comments?post=1990"}],"version-history":[{"count":1,"href":"https:\/\/ambardcke.org\/fr\/wp-json\/wp\/v2\/posts\/1990\/revisions"}],"predecessor-version":[{"id":1992,"href":"https:\/\/ambardcke.org\/fr\/wp-json\/wp\/v2\/posts\/1990\/revisions\/1992"}],"wp:featuredmedia":[{"embeddable":true,"href":"https:\/\/ambardcke.org\/fr\/wp-json\/wp\/v2\/media\/1991"}],"wp:attachment":[{"href":"https:\/\/ambardcke.org\/fr\/wp-json\/wp\/v2\/media?parent=1990"}],"wp:term":[{"taxonomy":"category","embeddable":true,"href":"https:\/\/ambardcke.org\/fr\/wp-json\/wp\/v2\/categories?post=1990"},{"taxonomy":"post_tag","embeddable":true,"href":"https:\/\/ambardcke.org\/fr\/wp-json\/wp\/v2\/tags?post=1990"}],"curies":[{"name":"wp","href":"https:\/\/api.w.org\/{rel}","templated":true}]}}